{"id":4282,"date":"2024-05-07T22:34:00","date_gmt":"2024-05-07T20:34:00","guid":{"rendered":"https:\/\/sylviepotier.com\/?p=4282"},"modified":"2024-10-30T22:48:43","modified_gmt":"2024-10-30T21:48:43","slug":"les-grangettes-itinerantes-a-foix","status":"publish","type":"post","link":"https:\/\/sylviepotier.com\/en\/les-grangettes-itinerantes-a-foix\/","title":{"rendered":"Les Grangettes Itin\u00e9rantes \u00e0 Foix"},"content":{"rendered":"<p>Atelier d\u00e9couverte de la mosa\u00efque report\u00e9 le dimanche 16 juillet de 10h \u00e0 16h, pour un apprentissage&nbsp;de 1 \u00e0 2 heures devant la boutique La Rebelle Verte, 21 rue Labistour \u00e0 Foix. Et \u00e0 partir de 17h, au Patchwork Caf\u00e9, 10 place Violet pour une discussion autour des m\u00e9tiers d&rsquo;art avec l\u2019association A\u00cfRA.<br><\/p>\n\n\n\n<p><\/p>\n\n\n\n<figure class=\"wp-block-image size-full\"><img fetchpriority=\"high\" decoding=\"async\" width=\"689\" height=\"979\" src=\"https:\/\/sylviepotier.com\/wp-content\/uploads\/2023\/06\/les-grangettes-itinerantes-programme-sylvie-potier-mosaiste.png\" alt=\"\" class=\"wp-image-3667\" srcset=\"https:\/\/sylviepotier.com\/wp-content\/uploads\/2023\/06\/les-grangettes-itinerantes-programme-sylvie-potier-mosaiste.png 689w, https:\/\/sylviepotier.com\/wp-content\/uploads\/2023\/06\/les-grangettes-itinerantes-programme-sylvie-potier-mosaiste-211x300.png 211w, https:\/\/sylviepotier.com\/wp-content\/uploads\/2023\/06\/les-grangettes-itinerantes-programme-sylvie-potier-mosaiste-8x12.png 8w, https:\/\/sylviepotier.com\/wp-content\/uploads\/2023\/06\/les-grangettes-itinerantes-programme-sylvie-potier-mosaiste-400x568.png 400w\" sizes=\"(max-width: 689px) 100vw, 689px\" \/><\/figure>","protected":false},"excerpt":{"rendered":"<p>Atelier d\u00e9couverte de la mosa\u00efque report\u00e9 le dimanche 16 juillet de 10h \u00e0 16h, pour un apprentissage&nbsp;de 1 \u00e0 2 heures devant la boutique La Rebelle Verte, 21 rue Labistour \u00e0 Foix. Et \u00e0 partir de 17h, au Patchwork Caf\u00e9, 10 place Violet pour une discussion autour des m\u00e9tiers d&rsquo;art avec l\u2019association A\u00cfRA.<\/p>","protected":false},"author":5,"featured_media":3672,"comment_status":"closed","ping_status":"open","sticky":false,"template":"","format":"standard","meta":{"site-sidebar-layout":"default","site-content-layout":"","ast-site-content-layout":"default","site-content-style":"default","site-sidebar-style":"default","ast-global-header-display":"","ast-banner-title-visibility":"","ast-main-header-display":"","ast-hfb-above-header-display":"","ast-hfb-below-header-display":"","ast-hfb-mobile-header-display":"","site-post-title":"","ast-breadcrumbs-content":"","ast-featured-img":"","footer-sml-layout":"","theme-transparent-header-meta":"","adv-header-id-meta":"","stick-header-meta":"","header-above-stick-meta":"","header-main-stick-meta":"","header-below-stick-meta":"","astra-migrate-meta-layouts":"default","ast-page-background-enabled":"default","ast-page-background-meta":{"desktop":{"background-color":"","background-image":"","background-repeat":"repeat","background-position":"center center","background-size":"auto","background-attachment":"scroll","background-type":"","background-media":"","overlay-type":"","overlay-color":"","overlay-opacity":"","overlay-gradient":""},"tablet":{"background-color":"","background-image":"","background-repeat":"repeat","background-position":"center center","background-size":"auto","background-attachment":"scroll","background-type":"","background-media":"","overlay-type":"","overlay-color":"","overlay-opacity":"","overlay-gradient":""},"mobile":{"background-color":"","background-image":"","background-repeat":"repeat","background-position":"center center","background-size":"auto","background-attachment":"scroll","background-type":"","background-media":"","overlay-type":"","overlay-color":"","overlay-opacity":"","overlay-gradient":""}},"ast-content-background-meta":{"desktop":{"background-color":"var(--ast-global-color-5)","background-image":"","background-repeat":"repeat","background-position":"center center","background-size":"auto","background-attachment":"scroll","background-type":"","background-media":"","overlay-type":"","overlay-color":"","overlay-opacity":"","overlay-gradient":""},"tablet":{"background-color":"var(--ast-global-color-5)","background-image":"","background-repeat":"repeat","background-position":"center center","background-size":"auto","background-attachment":"scroll","background-type":"","background-media":"","overlay-type":"","overlay-color":"","overlay-opacity":"","overlay-gradient":""},"mobile":{"background-color":"var(--ast-global-color-5)","background-image":"","background-repeat":"repeat","background-position":"center center","background-size":"auto","background-attachment":"scroll","background-type":"","background-media":"","overlay-type":"","overlay-color":"","overlay-opacity":"","overlay-gradient":""}},"footnotes":""},"categories":[165],"tags":[],"class_list":["post-4282","post","type-post","status-publish","format-standard","has-post-thumbnail","hentry","category-workshop"],"yoast_head":"<!-- This site is optimized with the Yoast SEO plugin v26.0 - https:\/\/yoast.com\/wordpress\/plugins\/seo\/ -->\n<title>Les Grangettes Itin\u00e9rantes \u00e0 Foix - Sylvie Potier Mosaic<\/title>\n<meta name=\"robots\" content=\"index, follow, max-snippet:-1, max-image-preview:large, max-video-preview:-1\" \/>\n<link rel=\"canonical\" href=\"https:\/\/sylviepotier.com\/en\/les-grangettes-itinerantes-a-foix\/\" \/>\n<meta property=\"og:locale\" content=\"en_GB\" \/>\n<meta property=\"og:type\" content=\"article\" \/>\n<meta property=\"og:title\" content=\"Les Grangettes Itin\u00e9rantes \u00e0 Foix - Sylvie Potier Mosaic\" \/>\n<meta property=\"og:description\" content=\"Atelier d\u00e9couverte de la mosa\u00efque report\u00e9 le dimanche 16 juillet de 10h \u00e0 16h, pour un apprentissage&nbsp;de 1 \u00e0 2 heures devant la boutique La Rebelle Verte, 21 rue Labistour \u00e0 Foix. Et \u00e0 partir de 17h, au Patchwork Caf\u00e9, 10 place Violet pour une discussion autour des m\u00e9tiers d&rsquo;art avec l\u2019association A\u00cfRA.\" \/>\n<meta property=\"og:url\" content=\"https:\/\/sylviepotier.com\/en\/les-grangettes-itinerantes-a-foix\/\" \/>\n<meta property=\"og:site_name\" content=\"Sylvie Potier Mosaic\" \/>\n<meta property=\"article:published_time\" content=\"2024-05-07T20:34:00+00:00\" \/>\n<meta property=\"article:modified_time\" content=\"2024-10-30T21:48:43+00:00\" \/>\n<meta property=\"og:image\" content=\"https:\/\/sylviepotier.com\/wp-content\/uploads\/2023\/06\/les-grangettes-foix-2023-scaled.jpg\" \/>\n\t<meta property=\"og:image:width\" content=\"2560\" \/>\n\t<meta property=\"og:image:height\" content=\"1760\" \/>\n\t<meta property=\"og:image:type\" content=\"image\/jpeg\" \/>\n<meta name=\"author\" content=\"Karine\" \/>\n<meta name=\"twitter:card\" content=\"summary_large_image\" \/>\n<meta name=\"twitter:label1\" content=\"Written by\" \/>\n\t<meta name=\"twitter:data1\" content=\"Karine\" \/>\n\t<meta name=\"twitter:label2\" content=\"Estimated reading time\" \/>\n\t<meta name=\"twitter:data2\" content=\"1 minute\" \/>\n<script type=\"application\/ld+json\" class=\"yoast-schema-graph\">{\"@context\":\"https:\/\/schema.org\",\"@graph\":[{\"@type\":\"Article\",\"@id\":\"https:\/\/sylviepotier.com\/en\/les-grangettes-itinerantes-a-foix\/#article\",\"isPartOf\":{\"@id\":\"https:\/\/sylviepotier.com\/en\/les-grangettes-itinerantes-a-foix\/\"},\"author\":{\"name\":\"Karine\",\"@id\":\"https:\/\/sylviepotier.com\/en\/#\/schema\/person\/53c994eedc2702d7a6cde26d158394f3\"},\"headline\":\"Les Grangettes Itin\u00e9rantes \u00e0 Foix\",\"datePublished\":\"2024-05-07T20:34:00+00:00\",\"dateModified\":\"2024-10-30T21:48:43+00:00\",\"mainEntityOfPage\":{\"@id\":\"https:\/\/sylviepotier.com\/en\/les-grangettes-itinerantes-a-foix\/\"},\"wordCount\":56,\"publisher\":{\"@id\":\"https:\/\/sylviepotier.com\/en\/#organization\"},\"image\":{\"@id\":\"https:\/\/sylviepotier.com\/en\/les-grangettes-itinerantes-a-foix\/#primaryimage\"},\"thumbnailUrl\":\"https:\/\/sylviepotier.com\/wp-content\/uploads\/2023\/06\/les-grangettes-foix-2023-scaled.jpg\",\"articleSection\":[\"Workshop\"],\"inLanguage\":\"en-GB\"},{\"@type\":\"WebPage\",\"@id\":\"https:\/\/sylviepotier.com\/en\/les-grangettes-itinerantes-a-foix\/\",\"url\":\"https:\/\/sylviepotier.com\/en\/les-grangettes-itinerantes-a-foix\/\",\"name\":\"Les Grangettes Itin\u00e9rantes \u00e0 Foix - Sylvie Potier Mosaic\",\"isPartOf\":{\"@id\":\"https:\/\/sylviepotier.com\/en\/#website\"},\"primaryImageOfPage\":{\"@id\":\"https:\/\/sylviepotier.com\/en\/les-grangettes-itinerantes-a-foix\/#primaryimage\"},\"image\":{\"@id\":\"https:\/\/sylviepotier.com\/en\/les-grangettes-itinerantes-a-foix\/#primaryimage\"},\"thumbnailUrl\":\"https:\/\/sylviepotier.com\/wp-content\/uploads\/2023\/06\/les-grangettes-foix-2023-scaled.jpg\",\"datePublished\":\"2024-05-07T20:34:00+00:00\",\"dateModified\":\"2024-10-30T21:48:43+00:00\",\"breadcrumb\":{\"@id\":\"https:\/\/sylviepotier.com\/en\/les-grangettes-itinerantes-a-foix\/#breadcrumb\"},\"inLanguage\":\"en-GB\",\"potentialAction\":[{\"@type\":\"ReadAction\",\"target\":[\"https:\/\/sylviepotier.com\/en\/les-grangettes-itinerantes-a-foix\/\"]}]},{\"@type\":\"ImageObject\",\"inLanguage\":\"en-GB\",\"@id\":\"https:\/\/sylviepotier.com\/en\/les-grangettes-itinerantes-a-foix\/#primaryimage\",\"url\":\"https:\/\/sylviepotier.com\/wp-content\/uploads\/2023\/06\/les-grangettes-foix-2023-scaled.jpg\",\"contentUrl\":\"https:\/\/sylviepotier.com\/wp-content\/uploads\/2023\/06\/les-grangettes-foix-2023-scaled.jpg\",\"width\":2560,\"height\":1760},{\"@type\":\"BreadcrumbList\",\"@id\":\"https:\/\/sylviepotier.com\/en\/les-grangettes-itinerantes-a-foix\/#breadcrumb\",\"itemListElement\":[{\"@type\":\"ListItem\",\"position\":1,\"name\":\"Accueil\",\"item\":\"https:\/\/sylviepotier.com\/en\/home\/\"},{\"@type\":\"ListItem\",\"position\":2,\"name\":\"Les Grangettes Itin\u00e9rantes \u00e0 Foix\"}]},{\"@type\":\"WebSite\",\"@id\":\"https:\/\/sylviepotier.com\/en\/#website\",\"url\":\"https:\/\/sylviepotier.com\/en\/\",\"name\":\"Sylvie Potier Mosaic\",\"description\":\"Ma\u00eetre Artisan Mosa\u00efste\",\"publisher\":{\"@id\":\"https:\/\/sylviepotier.com\/en\/#organization\"},\"potentialAction\":[{\"@type\":\"SearchAction\",\"target\":{\"@type\":\"EntryPoint\",\"urlTemplate\":\"https:\/\/sylviepotier.com\/en\/?s={search_term_string}\"},\"query-input\":{\"@type\":\"PropertyValueSpecification\",\"valueRequired\":true,\"valueName\":\"search_term_string\"}}],\"inLanguage\":\"en-GB\"},{\"@type\":\"Organization\",\"@id\":\"https:\/\/sylviepotier.com\/en\/#organization\",\"name\":\"Sylvie Potier Mosaic\",\"url\":\"https:\/\/sylviepotier.com\/en\/\",\"logo\":{\"@type\":\"ImageObject\",\"inLanguage\":\"en-GB\",\"@id\":\"https:\/\/sylviepotier.com\/en\/#\/schema\/logo\/image\/\",\"url\":\"https:\/\/sylviepotier.com\/wp-content\/uploads\/2021\/04\/logo-sylvie-potier-mosaique-artisan-mosaiste-280.png\",\"contentUrl\":\"https:\/\/sylviepotier.com\/wp-content\/uploads\/2021\/04\/logo-sylvie-potier-mosaique-artisan-mosaiste-280.png\",\"width\":280,\"height\":92,\"caption\":\"Sylvie Potier Mosaic\"},\"image\":{\"@id\":\"https:\/\/sylviepotier.com\/en\/#\/schema\/logo\/image\/\"}},{\"@type\":\"Person\",\"@id\":\"https:\/\/sylviepotier.com\/en\/#\/schema\/person\/53c994eedc2702d7a6cde26d158394f3\",\"name\":\"Karine\",\"image\":{\"@type\":\"ImageObject\",\"inLanguage\":\"en-GB\",\"@id\":\"https:\/\/sylviepotier.com\/en\/#\/schema\/person\/image\/\",\"url\":\"https:\/\/secure.gravatar.com\/avatar\/639e5851910e62e404b55db10a4e74b97c8d6edd47cdc66754dd851ff49c9294?s=96&d=mm&r=g\",\"contentUrl\":\"https:\/\/secure.gravatar.com\/avatar\/639e5851910e62e404b55db10a4e74b97c8d6edd47cdc66754dd851ff49c9294?s=96&d=mm&r=g\",\"caption\":\"Karine\"},\"url\":\"https:\/\/sylviepotier.com\/en\/author\/karine\/\"}]}<\/script>\n<!-- \/ Yoast SEO plugin. -->","yoast_head_json":{"title":"Les Grangettes Itin\u00e9rantes \u00e0 Foix - Sylvie Potier Mosaic","robots":{"index":"index","follow":"follow","max-snippet":"max-snippet:-1","max-image-preview":"max-image-preview:large","max-video-preview":"max-video-preview:-1"},"canonical":"https:\/\/sylviepotier.com\/en\/les-grangettes-itinerantes-a-foix\/","og_locale":"en_GB","og_type":"article","og_title":"Les Grangettes Itin\u00e9rantes \u00e0 Foix - Sylvie Potier Mosaic","og_description":"Atelier d\u00e9couverte de la mosa\u00efque report\u00e9 le dimanche 16 juillet de 10h \u00e0 16h, pour un apprentissage&nbsp;de 1 \u00e0 2 heures devant la boutique La Rebelle Verte, 21 rue Labistour \u00e0 Foix. Et \u00e0 partir de 17h, au Patchwork Caf\u00e9, 10 place Violet pour une discussion autour des m\u00e9tiers d&rsquo;art avec l\u2019association A\u00cfRA.","og_url":"https:\/\/sylviepotier.com\/en\/les-grangettes-itinerantes-a-foix\/","og_site_name":"Sylvie Potier Mosaic","article_published_time":"2024-05-07T20:34:00+00:00","article_modified_time":"2024-10-30T21:48:43+00:00","og_image":[{"width":2560,"height":1760,"url":"https:\/\/sylviepotier.com\/wp-content\/uploads\/2023\/06\/les-grangettes-foix-2023-scaled.jpg","type":"image\/jpeg"}],"author":"Karine","twitter_card":"summary_large_image","twitter_misc":{"Written by":"Karine","Estimated reading time":"1 minute"},"schema":{"@context":"https:\/\/schema.org","@graph":[{"@type":"Article","@id":"https:\/\/sylviepotier.com\/en\/les-grangettes-itinerantes-a-foix\/#article","isPartOf":{"@id":"https:\/\/sylviepotier.com\/en\/les-grangettes-itinerantes-a-foix\/"},"author":{"name":"Karine","@id":"https:\/\/sylviepotier.com\/en\/#\/schema\/person\/53c994eedc2702d7a6cde26d158394f3"},"headline":"Les Grangettes Itin\u00e9rantes \u00e0 Foix","datePublished":"2024-05-07T20:34:00+00:00","dateModified":"2024-10-30T21:48:43+00:00","mainEntityOfPage":{"@id":"https:\/\/sylviepotier.com\/en\/les-grangettes-itinerantes-a-foix\/"},"wordCount":56,"publisher":{"@id":"https:\/\/sylviepotier.com\/en\/#organization"},"image":{"@id":"https:\/\/sylviepotier.com\/en\/les-grangettes-itinerantes-a-foix\/#primaryimage"},"thumbnailUrl":"https:\/\/sylviepotier.com\/wp-content\/uploads\/2023\/06\/les-grangettes-foix-2023-scaled.jpg","articleSection":["Workshop"],"inLanguage":"en-GB"},{"@type":"WebPage","@id":"https:\/\/sylviepotier.com\/en\/les-grangettes-itinerantes-a-foix\/","url":"https:\/\/sylviepotier.com\/en\/les-grangettes-itinerantes-a-foix\/","name":"Les Grangettes Itin\u00e9rantes \u00e0 Foix - Sylvie Potier Mosaic","isPartOf":{"@id":"https:\/\/sylviepotier.com\/en\/#website"},"primaryImageOfPage":{"@id":"https:\/\/sylviepotier.com\/en\/les-grangettes-itinerantes-a-foix\/#primaryimage"},"image":{"@id":"https:\/\/sylviepotier.com\/en\/les-grangettes-itinerantes-a-foix\/#primaryimage"},"thumbnailUrl":"https:\/\/sylviepotier.com\/wp-content\/uploads\/2023\/06\/les-grangettes-foix-2023-scaled.jpg","datePublished":"2024-05-07T20:34:00+00:00","dateModified":"2024-10-30T21:48:43+00:00","breadcrumb":{"@id":"https:\/\/sylviepotier.com\/en\/les-grangettes-itinerantes-a-foix\/#breadcrumb"},"inLanguage":"en-GB","potentialAction":[{"@type":"ReadAction","target":["https:\/\/sylviepotier.com\/en\/les-grangettes-itinerantes-a-foix\/"]}]},{"@type":"ImageObject","inLanguage":"en-GB","@id":"https:\/\/sylviepotier.com\/en\/les-grangettes-itinerantes-a-foix\/#primaryimage","url":"https:\/\/sylviepotier.com\/wp-content\/uploads\/2023\/06\/les-grangettes-foix-2023-scaled.jpg","contentUrl":"https:\/\/sylviepotier.com\/wp-content\/uploads\/2023\/06\/les-grangettes-foix-2023-scaled.jpg","width":2560,"height":1760},{"@type":"BreadcrumbList","@id":"https:\/\/sylviepotier.com\/en\/les-grangettes-itinerantes-a-foix\/#breadcrumb","itemListElement":[{"@type":"ListItem","position":1,"name":"Accueil","item":"https:\/\/sylviepotier.com\/en\/home\/"},{"@type":"ListItem","position":2,"name":"Les Grangettes Itin\u00e9rantes \u00e0 Foix"}]},{"@type":"WebSite","@id":"https:\/\/sylviepotier.com\/en\/#website","url":"https:\/\/sylviepotier.com\/en\/","name":"Sylvie Potier Mosaic","description":"Ma\u00eetre Artisan Mosa\u00efste","publisher":{"@id":"https:\/\/sylviepotier.com\/en\/#organization"},"potentialAction":[{"@type":"SearchAction","target":{"@type":"EntryPoint","urlTemplate":"https:\/\/sylviepotier.com\/en\/?s={search_term_string}"},"query-input":{"@type":"PropertyValueSpecification","valueRequired":true,"valueName":"search_term_string"}}],"inLanguage":"en-GB"},{"@type":"Organization","@id":"https:\/\/sylviepotier.com\/en\/#organization","name":"Sylvie Potier Mosaic","url":"https:\/\/sylviepotier.com\/en\/","logo":{"@type":"ImageObject","inLanguage":"en-GB","@id":"https:\/\/sylviepotier.com\/en\/#\/schema\/logo\/image\/","url":"https:\/\/sylviepotier.com\/wp-content\/uploads\/2021\/04\/logo-sylvie-potier-mosaique-artisan-mosaiste-280.png","contentUrl":"https:\/\/sylviepotier.com\/wp-content\/uploads\/2021\/04\/logo-sylvie-potier-mosaique-artisan-mosaiste-280.png","width":280,"height":92,"caption":"Sylvie Potier Mosaic"},"image":{"@id":"https:\/\/sylviepotier.com\/en\/#\/schema\/logo\/image\/"}},{"@type":"Person","@id":"https:\/\/sylviepotier.com\/en\/#\/schema\/person\/53c994eedc2702d7a6cde26d158394f3","name":"Karine","image":{"@type":"ImageObject","inLanguage":"en-GB","@id":"https:\/\/sylviepotier.com\/en\/#\/schema\/person\/image\/","url":"https:\/\/secure.gravatar.com\/avatar\/639e5851910e62e404b55db10a4e74b97c8d6edd47cdc66754dd851ff49c9294?s=96&d=mm&r=g","contentUrl":"https:\/\/secure.gravatar.com\/avatar\/639e5851910e62e404b55db10a4e74b97c8d6edd47cdc66754dd851ff49c9294?s=96&d=mm&r=g","caption":"Karine"},"url":"https:\/\/sylviepotier.com\/en\/author\/karine\/"}]}},"_links":{"self":[{"href":"https:\/\/sylviepotier.com\/en\/wp-json\/wp\/v2\/posts\/4282","targetHints":{"allow":["GET"]}}],"collection":[{"href":"https:\/\/sylviepotier.com\/en\/wp-json\/wp\/v2\/posts"}],"about":[{"href":"https:\/\/sylviepotier.com\/en\/wp-json\/wp\/v2\/types\/post"}],"author":[{"embeddable":true,"href":"https:\/\/sylviepotier.com\/en\/wp-json\/wp\/v2\/users\/5"}],"replies":[{"embeddable":true,"href":"https:\/\/sylviepotier.com\/en\/wp-json\/wp\/v2\/comments?post=4282"}],"version-history":[{"count":1,"href":"https:\/\/sylviepotier.com\/en\/wp-json\/wp\/v2\/posts\/4282\/revisions"}],"predecessor-version":[{"id":4283,"href":"https:\/\/sylviepotier.com\/en\/wp-json\/wp\/v2\/posts\/4282\/revisions\/4283"}],"wp:featuredmedia":[{"embeddable":true,"href":"https:\/\/sylviepotier.com\/en\/wp-json\/wp\/v2\/media\/3672"}],"wp:attachment":[{"href":"https:\/\/sylviepotier.com\/en\/wp-json\/wp\/v2\/media?parent=4282"}],"wp:term":[{"taxonomy":"category","embeddable":true,"href":"https:\/\/sylviepotier.com\/en\/wp-json\/wp\/v2\/categories?post=4282"},{"taxonomy":"post_tag","embeddable":true,"href":"https:\/\/sylviepotier.com\/en\/wp-json\/wp\/v2\/tags?post=4282"}],"curies":[{"name":"wp","href":"https:\/\/api.w.org\/{rel}","templated":true}]}}